{"id":16,"date":"2015-11-26T12:38:03","date_gmt":"2015-11-26T12:38:03","guid":{"rendered":"http:\/\/garabello.com.ar\/?p=16"},"modified":"2015-11-26T12:38:03","modified_gmt":"2015-11-26T12:38:03","slug":"condiciones-de-un-administrador-de-emergencias-y-desastres","status":"publish","type":"post","link":"https:\/\/garabello.com.ar\/?p=16","title":{"rendered":"Condiciones de un Administrador de Emergencias y Desastres"},"content":{"rendered":"<p>Condiciones de un Administrador de Emergencias y Desastres<br \/>\nLa \u201cAdministraci\u00f3n para Desastres\u201d, es el componente del sistema social de un pa\u00eds, que se\u00a0define como el planeamiento, la organizaci\u00f3n, la direcci\u00f3n y el control, de las operaciones relacionadas con la gesti\u00f3n de los servicios y recursos orientados a la preparaci\u00f3n y respuesta en situaciones de emergencias y desastres, en todas sus fases, antes, durante y posteriores al evento adverso, sea este, causado por efectos de la naturaleza o de origen antropico.<br \/>\nLa Administraci\u00f3n para Desastres, debe ser una prioridad en los planes y objetivos de todos\u00a0los gobiernos, apoyando los estudios en relaci\u00f3n con el h\u00e1bitat y los eventos de la naturaleza, que\u00a0realizan, cient\u00edficos, profesionales y expertos, sobre este tema y sus derivaciones, ante el desaf\u00edo del cambio clim\u00e1tico y otros factores de agresi\u00f3n a nivel mundial, que ponen en peligro la mayor parte<br \/>\nde la actividad humana y su supervivencia, por lo que se requiere, disponer de sistemas adecuados y\u00a0eficientes, para la \u201cPreparaci\u00f3n y Respuesta\u201d, organizado en todos los niveles de gobierno, los que\u00a0tambi\u00e9n deben incorporar las capacidades de la actividad privada.<br \/>\nActualmente, se carece de un perfil especifico y profesional, para las personas encargadas\u00a0de organizar las operaciones de respuesta ante eventos adversos, generalmente se designa en cargos\u00a0de direcci\u00f3n a quienes tienen alguna experiencia en atenci\u00f3n de emergencias.<br \/>\nLa actividad del administrador de servicios de preparaci\u00f3n y respuesta, debe ser considerada una\u00a0disciplina profesional, con conocimientos acordes a las m\u00faltiples actividades y actores, que participan en las operaciones destinadas a la preparaci\u00f3n, prevenci\u00f3n, mitigaci\u00f3n, respuesta, rehabilitaci\u00f3n y reconstrucci\u00f3n, adem\u00e1s de las tareas de car\u00e1cter administrativo, como recursos humanos, econ\u00f3micos y materiales, servicios de abastecimiento, log\u00edstica, comunicaciones, etc. por lo que debe estar capacitado para ejercer el comando y control de m\u00faltiples actividades, que deben actuar en forma cooperativa y coordinada, dentro del ciclo de los eventos adversos y la gesti\u00f3n de crisis para continuidad de las operaciones sociales y productivas.<\/p>\n","protected":false},"excerpt":{"rendered":"<p>Condiciones de un Administrador de Emergencias y Desastres La \u201cAdministraci\u00f3n para Desastres\u201d, es el componente del sistema social de un pa\u00eds, que se\u00a0define como el planeamiento, la organizaci\u00f3n, la direcci\u00f3n y el control, de las operaciones relacionadas con la gesti\u00f3n de los servicios y recursos orientados a la preparaci\u00f3n y respuesta en situaciones de emergencias y desastres, en todas sus fases, antes, durante y posteriores al evento adverso, sea este, causado por efectos de la naturaleza o de origen antropico. La Administraci\u00f3n para Desastres, debe ser una prioridad en los planes y objetivos de todos\u00a0los gobiernos, apoyando los estudios en relaci\u00f3n con el h\u00e1bitat y los eventos de la naturaleza, &hellip; <a href=\"https:\/\/garabello.com.ar\/?p=16\" class=\"more-link\">Sigue leyendo <span class=\"screen-reader-text\">Condiciones de un Administrador de Emergencias y Desastres<\/span><\/a><\/p>\n","protected":false},"author":1,"featured_media":0,"comment_status":"open","ping_status":"closed","sticky":false,"template":"","format":"standard","meta":{"footnotes":""},"categories":[1],"tags":[],"class_list":["post-16","post","type-post","status-publish","format-standard","hentry","category-seguridad-emergencias-y-desastres"],"_links":{"self":[{"href":"https:\/\/garabello.com.ar\/index.php?rest_route=\/wp\/v2\/posts\/16","targetHints":{"allow":["GET"]}}],"collection":[{"href":"https:\/\/garabello.com.ar\/index.php?rest_route=\/wp\/v2\/posts"}],"about":[{"href":"https:\/\/garabello.com.ar\/index.php?rest_route=\/wp\/v2\/types\/post"}],"author":[{"embeddable":true,"href":"https:\/\/garabello.com.ar\/index.php?rest_route=\/wp\/v2\/users\/1"}],"replies":[{"embeddable":true,"href":"https:\/\/garabello.com.ar\/index.php?rest_route=%2Fwp%2Fv2%2Fcomments&post=16"}],"version-history":[{"count":2,"href":"https:\/\/garabello.com.ar\/index.php?rest_route=\/wp\/v2\/posts\/16\/revisions"}],"predecessor-version":[{"id":18,"href":"https:\/\/garabello.com.ar\/index.php?rest_route=\/wp\/v2\/posts\/16\/revisions\/18"}],"wp:attachment":[{"href":"https:\/\/garabello.com.ar\/index.php?rest_route=%2Fwp%2Fv2%2Fmedia&parent=16"}],"wp:term":[{"taxonomy":"category","embeddable":true,"href":"https:\/\/garabello.com.ar\/index.php?rest_route=%2Fwp%2Fv2%2Fcategories&post=16"},{"taxonomy":"post_tag","embeddable":true,"href":"https:\/\/garabello.com.ar\/index.php?rest_route=%2Fwp%2Fv2%2Ftags&post=16"}],"curies":[{"name":"wp","href":"https:\/\/api.w.org\/{rel}","templated":true}]}}